{"id":8375,"date":"2023-01-31T18:44:26","date_gmt":"2023-01-31T18:44:26","guid":{"rendered":"https:\/\/www.spielvereinigung08.de\/?p=8375"},"modified":"2023-02-02T12:29:26","modified_gmt":"2023-02-02T12:29:26","slug":"ehrung-der-langjaehrige-1-vorsitzende","status":"publish","type":"post","link":"https:\/\/www.spielvereinigung08.de\/index.php\/2023\/01\/31\/ehrung-der-langjaehrige-1-vorsitzende\/","title":{"rendered":"Ehrung des langj\u00e4hrigen 1.Vorsitzende"},"content":{"rendered":"<div id=\"pl-8375\"  class=\"panel-layout\" ><div id=\"pg-8375-0\"  class=\"panel-grid panel-no-style\" ><div id=\"pgc-8375-0-0\"  class=\"panel-grid-cell\" ><div id=\"panel-8375-0-0-0\" class=\"so-panel widget widget_text panel-first-child panel-last-child\" data-index=\"0\" >\t\t\t<div class=\"textwidget\"><p>Anl\u00e4sslich der au\u00dferordentlichen Mitgliederversammlung am 23.11.2022 im Gasthaus Krone Bad Nauheim, wurde der langj\u00e4hrigen 1. Vorsitzende der Spielvereinigung 08 Bad Nauheim <strong>Oliver Michel<\/strong>, vom neuen Gesch\u00e4ftsf\u00fchrendem Vorstand von links nach rechts, Hans-J\u00fcrgen Zeeb, Haris Hodovic und Peter Schenker, gemeinsam geehrt.<br \/>\n\u00dcberreicht wurde eine kleines Pr\u00e4sentes in Form eines Gutscheines f\u00fcr das Gasthaus Krone sowie einer Urkunde in Gold f\u00fcr besondere Leistung im Verein mit der gleichseitiger Ernennung zum \u201eEhrenvorsitzenden\u201c der Spielvereinigung 08 Bad Nauheim.<\/p>\n<\/div>\n\t\t<\/div><\/div><\/div><div id=\"pg-8375-1\"  class=\"panel-grid panel-no-style\" ><div id=\"pgc-8375-1-0\"  class=\"panel-grid-cell\" ><div id=\"panel-8375-1-0-0\" class=\"so-panel widget panel-first-child panel-last-child\" data-index=\"1\" ><\/div><\/div><\/div><\/div>","protected":false},"excerpt":{"rendered":"<p>Anl\u00e4sslich der au\u00dferordentlichen Mitgliederversammlung am 23.11.2022 im Gasthaus Krone Bad Nauheim, wurde der langj\u00e4hrigen 1. Vorsitzende der Spielvereinigung 08 Bad Nauheim Oliver Michel, vom neuen Gesch\u00e4ftsf\u00fchrendem Vorstand von links nach [&hellip;]<\/p>\n","protected":false},"author":1,"featured_media":8376,"comment_status":"open","ping_status":"open","sticky":false,"template":"","format":"standard","meta":{"_monsterinsights_skip_tracking":false,"_monsterinsights_sitenote_active":false,"_monsterinsights_sitenote_note":"","_monsterinsights_sitenote_category":0,"_EventAllDay":false,"_EventTimezone":"","_EventStartDate":"","_EventEndDate":"","_EventStartDateUTC":"","_EventEndDateUTC":"","_EventShowMap":false,"_EventShowMapLink":false,"_EventURL":"","_EventCost":"","_EventCostDescription":"","_EventCurrencySymbol":"","_EventCurrencyCode":"","_EventCurrencyPosition":"","_EventDateTimeSeparator":"","_EventTimeRangeSeparator":"","_EventOrganizerID":[],"_EventVenueID":[],"_OrganizerEmail":"","_OrganizerPhone":"","_OrganizerWebsite":"","_VenueAddress":"","_VenueCity":"","_VenueCountry":"","_VenueProvince":"","_VenueState":"","_VenueZip":"","_VenuePhone":"","_VenueURL":"","_VenueStateProvince":"","_VenueLat":"","_VenueLng":"","_VenueShowMap":false,"_VenueShowMapLink":false,"footnotes":""},"categories":[55,44],"tags":[],"class_list":["post-8375","post","type-post","status-publish","format-standard","has-post-thumbnail","hentry","category-allgemein","category-verein"],"yoast_head":"<!-- This site is optimized with the Yoast SEO plugin v26.7 - https:\/\/yoast.com\/wordpress\/plugins\/seo\/ -->\n<title>Ehrung des langj\u00e4hrigen 1.Vorsitzende - Spielvereinigung 08 eV.<\/title>\n<meta name=\"robots\" content=\"index, follow, max-snippet:-1, max-image-preview:large, max-video-preview:-1\" \/>\n<link rel=\"canonical\" href=\"https:\/\/www.spielvereinigung08.de\/index.php\/2023\/01\/31\/ehrung-der-langjaehrige-1-vorsitzende\/\" \/>\n<meta property=\"og:locale\" content=\"de_DE\" \/>\n<meta property=\"og:type\" content=\"article\" \/>\n<meta property=\"og:title\" content=\"Ehrung des langj\u00e4hrigen 1.Vorsitzende - Spielvereinigung 08 eV.\" \/>\n<meta property=\"og:description\" content=\"Anl\u00e4sslich der au\u00dferordentlichen Mitgliederversammlung am 23.11.2022 im Gasthaus Krone Bad Nauheim, wurde der langj\u00e4hrigen 1. Vorsitzende der Spielvereinigung 08 Bad Nauheim Oliver Michel, vom neuen Gesch\u00e4ftsf\u00fchrendem Vorstand von links nach [&hellip;]\" \/>\n<meta property=\"og:url\" content=\"https:\/\/www.spielvereinigung08.de\/index.php\/2023\/01\/31\/ehrung-der-langjaehrige-1-vorsitzende\/\" \/>\n<meta property=\"og:site_name\" content=\"Spielvereinigung 08 eV.\" \/>\n<meta property=\"article:published_time\" content=\"2023-01-31T18:44:26+00:00\" \/>\n<meta property=\"article:modified_time\" content=\"2023-02-02T12:29:26+00:00\" \/>\n<meta property=\"og:image\" content=\"https:\/\/www.spielvereinigung08.de\/wp-content\/uploads\/2023\/01\/Ehrung_OM-scaled.jpg\" \/>\n\t<meta property=\"og:image:width\" content=\"2560\" \/>\n\t<meta property=\"og:image:height\" content=\"1707\" \/>\n\t<meta property=\"og:image:type\" content=\"image\/jpeg\" \/>\n<meta name=\"author\" content=\"admin\" \/>\n<meta name=\"twitter:card\" content=\"summary_large_image\" \/>\n<meta name=\"twitter:label1\" content=\"Verfasst von\" \/>\n\t<meta name=\"twitter:data1\" content=\"admin\" \/>\n\t<meta name=\"twitter:label2\" content=\"Gesch\u00e4tzte Lesezeit\" \/>\n\t<meta name=\"twitter:data2\" content=\"1\u00a0Minute\" \/>\n<script type=\"application\/ld+json\" class=\"yoast-schema-graph\">{\"@context\":\"https:\/\/schema.org\",\"@graph\":[{\"@type\":\"Article\",\"@id\":\"https:\/\/www.spielvereinigung08.de\/index.php\/2023\/01\/31\/ehrung-der-langjaehrige-1-vorsitzende\/#article\",\"isPartOf\":{\"@id\":\"https:\/\/www.spielvereinigung08.de\/index.php\/2023\/01\/31\/ehrung-der-langjaehrige-1-vorsitzende\/\"},\"author\":{\"name\":\"admin\",\"@id\":\"https:\/\/www.spielvereinigung08.de\/#\/schema\/person\/0f02c52e2198ad22eddab5610e21a176\"},\"headline\":\"Ehrung des langj\u00e4hrigen 1.Vorsitzende\",\"datePublished\":\"2023-01-31T18:44:26+00:00\",\"dateModified\":\"2023-02-02T12:29:26+00:00\",\"mainEntityOfPage\":{\"@id\":\"https:\/\/www.spielvereinigung08.de\/index.php\/2023\/01\/31\/ehrung-der-langjaehrige-1-vorsitzende\/\"},\"wordCount\":84,\"commentCount\":0,\"image\":{\"@id\":\"https:\/\/www.spielvereinigung08.de\/index.php\/2023\/01\/31\/ehrung-der-langjaehrige-1-vorsitzende\/#primaryimage\"},\"thumbnailUrl\":\"https:\/\/www.spielvereinigung08.de\/wp-content\/uploads\/2023\/01\/Ehrung_OM-scaled.jpg\",\"articleSection\":{\"1\":\"Verein\"},\"inLanguage\":\"de\",\"potentialAction\":[{\"@type\":\"CommentAction\",\"name\":\"Comment\",\"target\":[\"https:\/\/www.spielvereinigung08.de\/index.php\/2023\/01\/31\/ehrung-der-langjaehrige-1-vorsitzende\/#respond\"]}]},{\"@type\":\"WebPage\",\"@id\":\"https:\/\/www.spielvereinigung08.de\/index.php\/2023\/01\/31\/ehrung-der-langjaehrige-1-vorsitzende\/\",\"url\":\"https:\/\/www.spielvereinigung08.de\/index.php\/2023\/01\/31\/ehrung-der-langjaehrige-1-vorsitzende\/\",\"name\":\"Ehrung des langj\u00e4hrigen 1.Vorsitzende - Spielvereinigung 08 eV.\",\"isPartOf\":{\"@id\":\"https:\/\/www.spielvereinigung08.de\/#website\"},\"primaryImageOfPage\":{\"@id\":\"https:\/\/www.spielvereinigung08.de\/index.php\/2023\/01\/31\/ehrung-der-langjaehrige-1-vorsitzende\/#primaryimage\"},\"image\":{\"@id\":\"https:\/\/www.spielvereinigung08.de\/index.php\/2023\/01\/31\/ehrung-der-langjaehrige-1-vorsitzende\/#primaryimage\"},\"thumbnailUrl\":\"https:\/\/www.spielvereinigung08.de\/wp-content\/uploads\/2023\/01\/Ehrung_OM-scaled.jpg\",\"datePublished\":\"2023-01-31T18:44:26+00:00\",\"dateModified\":\"2023-02-02T12:29:26+00:00\",\"author\":{\"@id\":\"https:\/\/www.spielvereinigung08.de\/#\/schema\/person\/0f02c52e2198ad22eddab5610e21a176\"},\"breadcrumb\":{\"@id\":\"https:\/\/www.spielvereinigung08.de\/index.php\/2023\/01\/31\/ehrung-der-langjaehrige-1-vorsitzende\/#breadcrumb\"},\"inLanguage\":\"de\",\"potentialAction\":[{\"@type\":\"ReadAction\",\"target\":[\"https:\/\/www.spielvereinigung08.de\/index.php\/2023\/01\/31\/ehrung-der-langjaehrige-1-vorsitzende\/\"]}]},{\"@type\":\"ImageObject\",\"inLanguage\":\"de\",\"@id\":\"https:\/\/www.spielvereinigung08.de\/index.php\/2023\/01\/31\/ehrung-der-langjaehrige-1-vorsitzende\/#primaryimage\",\"url\":\"https:\/\/www.spielvereinigung08.de\/wp-content\/uploads\/2023\/01\/Ehrung_OM-scaled.jpg\",\"contentUrl\":\"https:\/\/www.spielvereinigung08.de\/wp-content\/uploads\/2023\/01\/Ehrung_OM-scaled.jpg\",\"width\":2560,\"height\":1707},{\"@type\":\"BreadcrumbList\",\"@id\":\"https:\/\/www.spielvereinigung08.de\/index.php\/2023\/01\/31\/ehrung-der-langjaehrige-1-vorsitzende\/#breadcrumb\",\"itemListElement\":[{\"@type\":\"ListItem\",\"position\":1,\"name\":\"Startseite\",\"item\":\"https:\/\/www.spielvereinigung08.de\/\"},{\"@type\":\"ListItem\",\"position\":2,\"name\":\"Ehrung des langj\u00e4hrigen 1.Vorsitzende\"}]},{\"@type\":\"WebSite\",\"@id\":\"https:\/\/www.spielvereinigung08.de\/#website\",\"url\":\"https:\/\/www.spielvereinigung08.de\/\",\"name\":\"Spielvereinigung 08 eV.\",\"description\":\"Fussball mit Herz und Seele\",\"potentialAction\":[{\"@type\":\"SearchAction\",\"target\":{\"@type\":\"EntryPoint\",\"urlTemplate\":\"https:\/\/www.spielvereinigung08.de\/?s={search_term_string}\"},\"query-input\":{\"@type\":\"PropertyValueSpecification\",\"valueRequired\":true,\"valueName\":\"search_term_string\"}}],\"inLanguage\":\"de\"},{\"@type\":\"Person\",\"@id\":\"https:\/\/www.spielvereinigung08.de\/#\/schema\/person\/0f02c52e2198ad22eddab5610e21a176\",\"name\":\"admin\",\"image\":{\"@type\":\"ImageObject\",\"inLanguage\":\"de\",\"@id\":\"https:\/\/www.spielvereinigung08.de\/#\/schema\/person\/image\/\",\"url\":\"https:\/\/secure.gravatar.com\/avatar\/378e55bbaa8e83156efc0b75a9db74e2a0d14f6bbd8a72ae7eafe2cdeb0783ac?s=96&d=mm&r=g\",\"contentUrl\":\"https:\/\/secure.gravatar.com\/avatar\/378e55bbaa8e83156efc0b75a9db74e2a0d14f6bbd8a72ae7eafe2cdeb0783ac?s=96&d=mm&r=g\",\"caption\":\"admin\"},\"sameAs\":[\"https:\/\/www.spielvereinigung08.de\"],\"url\":\"https:\/\/www.spielvereinigung08.de\/index.php\/author\/elkmo00\/\"}]}<\/script>\n<!-- \/ Yoast SEO plugin. -->","yoast_head_json":{"title":"Ehrung des langj\u00e4hrigen 1.Vorsitzende - Spielvereinigung 08 eV.","robots":{"index":"index","follow":"follow","max-snippet":"max-snippet:-1","max-image-preview":"max-image-preview:large","max-video-preview":"max-video-preview:-1"},"canonical":"https:\/\/www.spielvereinigung08.de\/index.php\/2023\/01\/31\/ehrung-der-langjaehrige-1-vorsitzende\/","og_locale":"de_DE","og_type":"article","og_title":"Ehrung des langj\u00e4hrigen 1.Vorsitzende - Spielvereinigung 08 eV.","og_description":"Anl\u00e4sslich der au\u00dferordentlichen Mitgliederversammlung am 23.11.2022 im Gasthaus Krone Bad Nauheim, wurde der langj\u00e4hrigen 1. Vorsitzende der Spielvereinigung 08 Bad Nauheim Oliver Michel, vom neuen Gesch\u00e4ftsf\u00fchrendem Vorstand von links nach [&hellip;]","og_url":"https:\/\/www.spielvereinigung08.de\/index.php\/2023\/01\/31\/ehrung-der-langjaehrige-1-vorsitzende\/","og_site_name":"Spielvereinigung 08 eV.","article_published_time":"2023-01-31T18:44:26+00:00","article_modified_time":"2023-02-02T12:29:26+00:00","og_image":[{"width":2560,"height":1707,"url":"https:\/\/www.spielvereinigung08.de\/wp-content\/uploads\/2023\/01\/Ehrung_OM-scaled.jpg","type":"image\/jpeg"}],"author":"admin","twitter_card":"summary_large_image","twitter_misc":{"Verfasst von":"admin","Gesch\u00e4tzte Lesezeit":"1\u00a0Minute"},"schema":{"@context":"https:\/\/schema.org","@graph":[{"@type":"Article","@id":"https:\/\/www.spielvereinigung08.de\/index.php\/2023\/01\/31\/ehrung-der-langjaehrige-1-vorsitzende\/#article","isPartOf":{"@id":"https:\/\/www.spielvereinigung08.de\/index.php\/2023\/01\/31\/ehrung-der-langjaehrige-1-vorsitzende\/"},"author":{"name":"admin","@id":"https:\/\/www.spielvereinigung08.de\/#\/schema\/person\/0f02c52e2198ad22eddab5610e21a176"},"headline":"Ehrung des langj\u00e4hrigen 1.Vorsitzende","datePublished":"2023-01-31T18:44:26+00:00","dateModified":"2023-02-02T12:29:26+00:00","mainEntityOfPage":{"@id":"https:\/\/www.spielvereinigung08.de\/index.php\/2023\/01\/31\/ehrung-der-langjaehrige-1-vorsitzende\/"},"wordCount":84,"commentCount":0,"image":{"@id":"https:\/\/www.spielvereinigung08.de\/index.php\/2023\/01\/31\/ehrung-der-langjaehrige-1-vorsitzende\/#primaryimage"},"thumbnailUrl":"https:\/\/www.spielvereinigung08.de\/wp-content\/uploads\/2023\/01\/Ehrung_OM-scaled.jpg","articleSection":{"1":"Verein"},"inLanguage":"de","potentialAction":[{"@type":"CommentAction","name":"Comment","target":["https:\/\/www.spielvereinigung08.de\/index.php\/2023\/01\/31\/ehrung-der-langjaehrige-1-vorsitzende\/#respond"]}]},{"@type":"WebPage","@id":"https:\/\/www.spielvereinigung08.de\/index.php\/2023\/01\/31\/ehrung-der-langjaehrige-1-vorsitzende\/","url":"https:\/\/www.spielvereinigung08.de\/index.php\/2023\/01\/31\/ehrung-der-langjaehrige-1-vorsitzende\/","name":"Ehrung des langj\u00e4hrigen 1.Vorsitzende - Spielvereinigung 08 eV.","isPartOf":{"@id":"https:\/\/www.spielvereinigung08.de\/#website"},"primaryImageOfPage":{"@id":"https:\/\/www.spielvereinigung08.de\/index.php\/2023\/01\/31\/ehrung-der-langjaehrige-1-vorsitzende\/#primaryimage"},"image":{"@id":"https:\/\/www.spielvereinigung08.de\/index.php\/2023\/01\/31\/ehrung-der-langjaehrige-1-vorsitzende\/#primaryimage"},"thumbnailUrl":"https:\/\/www.spielvereinigung08.de\/wp-content\/uploads\/2023\/01\/Ehrung_OM-scaled.jpg","datePublished":"2023-01-31T18:44:26+00:00","dateModified":"2023-02-02T12:29:26+00:00","author":{"@id":"https:\/\/www.spielvereinigung08.de\/#\/schema\/person\/0f02c52e2198ad22eddab5610e21a176"},"breadcrumb":{"@id":"https:\/\/www.spielvereinigung08.de\/index.php\/2023\/01\/31\/ehrung-der-langjaehrige-1-vorsitzende\/#breadcrumb"},"inLanguage":"de","potentialAction":[{"@type":"ReadAction","target":["https:\/\/www.spielvereinigung08.de\/index.php\/2023\/01\/31\/ehrung-der-langjaehrige-1-vorsitzende\/"]}]},{"@type":"ImageObject","inLanguage":"de","@id":"https:\/\/www.spielvereinigung08.de\/index.php\/2023\/01\/31\/ehrung-der-langjaehrige-1-vorsitzende\/#primaryimage","url":"https:\/\/www.spielvereinigung08.de\/wp-content\/uploads\/2023\/01\/Ehrung_OM-scaled.jpg","contentUrl":"https:\/\/www.spielvereinigung08.de\/wp-content\/uploads\/2023\/01\/Ehrung_OM-scaled.jpg","width":2560,"height":1707},{"@type":"BreadcrumbList","@id":"https:\/\/www.spielvereinigung08.de\/index.php\/2023\/01\/31\/ehrung-der-langjaehrige-1-vorsitzende\/#breadcrumb","itemListElement":[{"@type":"ListItem","position":1,"name":"Startseite","item":"https:\/\/www.spielvereinigung08.de\/"},{"@type":"ListItem","position":2,"name":"Ehrung des langj\u00e4hrigen 1.Vorsitzende"}]},{"@type":"WebSite","@id":"https:\/\/www.spielvereinigung08.de\/#website","url":"https:\/\/www.spielvereinigung08.de\/","name":"Spielvereinigung 08 eV.","description":"Fussball mit Herz und Seele","potentialAction":[{"@type":"SearchAction","target":{"@type":"EntryPoint","urlTemplate":"https:\/\/www.spielvereinigung08.de\/?s={search_term_string}"},"query-input":{"@type":"PropertyValueSpecification","valueRequired":true,"valueName":"search_term_string"}}],"inLanguage":"de"},{"@type":"Person","@id":"https:\/\/www.spielvereinigung08.de\/#\/schema\/person\/0f02c52e2198ad22eddab5610e21a176","name":"admin","image":{"@type":"ImageObject","inLanguage":"de","@id":"https:\/\/www.spielvereinigung08.de\/#\/schema\/person\/image\/","url":"https:\/\/secure.gravatar.com\/avatar\/378e55bbaa8e83156efc0b75a9db74e2a0d14f6bbd8a72ae7eafe2cdeb0783ac?s=96&d=mm&r=g","contentUrl":"https:\/\/secure.gravatar.com\/avatar\/378e55bbaa8e83156efc0b75a9db74e2a0d14f6bbd8a72ae7eafe2cdeb0783ac?s=96&d=mm&r=g","caption":"admin"},"sameAs":["https:\/\/www.spielvereinigung08.de"],"url":"https:\/\/www.spielvereinigung08.de\/index.php\/author\/elkmo00\/"}]}},"_links":{"self":[{"href":"https:\/\/www.spielvereinigung08.de\/index.php\/wp-json\/wp\/v2\/posts\/8375","targetHints":{"allow":["GET"]}}],"collection":[{"href":"https:\/\/www.spielvereinigung08.de\/index.php\/wp-json\/wp\/v2\/posts"}],"about":[{"href":"https:\/\/www.spielvereinigung08.de\/index.php\/wp-json\/wp\/v2\/types\/post"}],"author":[{"embeddable":true,"href":"https:\/\/www.spielvereinigung08.de\/index.php\/wp-json\/wp\/v2\/users\/1"}],"replies":[{"embeddable":true,"href":"https:\/\/www.spielvereinigung08.de\/index.php\/wp-json\/wp\/v2\/comments?post=8375"}],"version-history":[{"count":4,"href":"https:\/\/www.spielvereinigung08.de\/index.php\/wp-json\/wp\/v2\/posts\/8375\/revisions"}],"predecessor-version":[{"id":8403,"href":"https:\/\/www.spielvereinigung08.de\/index.php\/wp-json\/wp\/v2\/posts\/8375\/revisions\/8403"}],"wp:featuredmedia":[{"embeddable":true,"href":"https:\/\/www.spielvereinigung08.de\/index.php\/wp-json\/wp\/v2\/media\/8376"}],"wp:attachment":[{"href":"https:\/\/www.spielvereinigung08.de\/index.php\/wp-json\/wp\/v2\/media?parent=8375"}],"wp:term":[{"taxonomy":"category","embeddable":true,"href":"https:\/\/www.spielvereinigung08.de\/index.php\/wp-json\/wp\/v2\/categories?post=8375"},{"taxonomy":"post_tag","embeddable":true,"href":"https:\/\/www.spielvereinigung08.de\/index.php\/wp-json\/wp\/v2\/tags?post=8375"}],"curies":[{"name":"wp","href":"https:\/\/api.w.org\/{rel}","templated":true}]}}