{"id":8863,"date":"2023-04-17T19:51:33","date_gmt":"2023-04-17T19:51:33","guid":{"rendered":"https:\/\/www.spielvereinigung08.de\/?p=8863"},"modified":"2023-04-17T19:51:34","modified_gmt":"2023-04-17T19:51:34","slug":"gelungener-einstand-fuer-den-neu-trainer-kamber","status":"publish","type":"post","link":"https:\/\/www.spielvereinigung08.de\/index.php\/2023\/04\/17\/gelungener-einstand-fuer-den-neu-trainer-kamber\/","title":{"rendered":"Gelungener Einstand f\u00fcr den Neu-Trainer Kamber"},"content":{"rendered":"<div id=\"pl-8863\"  class=\"panel-layout\" ><div id=\"pg-8863-0\"  class=\"panel-grid panel-no-style\" ><div id=\"pgc-8863-0-0\"  class=\"panel-grid-cell panel-grid-cell-empty\" ><\/div><\/div><div id=\"pg-8863-1\"  class=\"panel-grid panel-no-style\" ><div id=\"pgc-8863-1-0\"  class=\"panel-grid-cell\" ><div id=\"panel-8863-1-0-0\" class=\"so-panel widget widget_text panel-first-child panel-last-child\" data-index=\"0\" >\t\t\t<div class=\"textwidget\"><p>Unter der F\u00fchrung des neuen Trainers Kamber Koc hat die Spvgg. 08 Bad Nauheim in der Fu\u00dfball-Kreisoberliga Friedberg einen 2:0-Sieg gegen den SV Nieder-W\u00f6llstadt errungen. Die Bad Nauheimer dominierten das Spiel von Anfang bis Ende und konnten trotz der gut organisierten Abwehr der Nieder W\u00f6llst\u00e4dter in der 40. Minute durch Ahmet \u00d6zt\u00fcrk das erste Tor erzielen. In der zweiten Halbzeit erh\u00f6hten sie den Druck und konnten schlie\u00dflich in der 75. Minute durch Salvatore Rosso das zweite Tor erzielen. Mit diesem Sieg feierte die Mannschaft aus Bad Nauheim ihren ersten Sieg unter dem neuen Trainer Kamber Koc.<\/p>\n<\/div>\n\t\t<\/div><\/div><\/div><div id=\"pg-8863-2\"  class=\"panel-grid panel-no-style\" ><div id=\"pgc-8863-2-0\"  class=\"panel-grid-cell panel-grid-cell-empty\" ><\/div><\/div><\/div>","protected":false},"excerpt":{"rendered":"<p>Unter der F\u00fchrung des neuen Trainers Kamber Koc hat die Spvgg. 08 Bad Nauheim in der Fu\u00dfball-Kreisoberliga Friedberg einen 2:0-Sieg gegen den SV Nieder-W\u00f6llstadt errungen. Die Bad Nauheimer dominierten das [&hellip;]<\/p>\n","protected":false},"author":1,"featured_media":8864,"comment_status":"open","ping_status":"open","sticky":false,"template":"","format":"standard","meta":{"_monsterinsights_skip_tracking":false,"_monsterinsights_sitenote_active":false,"_monsterinsights_sitenote_note":"","_monsterinsights_sitenote_category":0,"_EventAllDay":false,"_EventTimezone":"","_EventStartDate":"","_EventEndDate":"","_EventStartDateUTC":"","_EventEndDateUTC":"","_EventShowMap":false,"_EventShowMapLink":false,"_EventURL":"","_EventCost":"","_EventCostDescription":"","_EventCurrencySymbol":"","_EventCurrencyCode":"","_EventCurrencyPosition":"","_EventDateTimeSeparator":"","_EventTimeRangeSeparator":"","_EventOrganizerID":[],"_EventVenueID":[],"_OrganizerEmail":"","_OrganizerPhone":"","_OrganizerWebsite":"","_VenueAddress":"","_VenueCity":"","_VenueCountry":"","_VenueProvince":"","_VenueState":"","_VenueZip":"","_VenuePhone":"","_VenueURL":"","_VenueStateProvince":"","_VenueLat":"","_VenueLng":"","_VenueShowMap":false,"_VenueShowMapLink":false,"footnotes":""},"categories":[55,54,52,45,59,49,56,44],"tags":[],"class_list":["post-8863","post","type-post","status-publish","format-standard","has-post-thumbnail","hentry","category-allgemein","category-bambinis","category-frauenfussball","category-herren","category-jobs","category-junioriennen","category-maedchen","category-verein"],"yoast_head":"<!-- This site is optimized with the Yoast SEO plugin v26.7 - https:\/\/yoast.com\/wordpress\/plugins\/seo\/ -->\n<title>Gelungener Einstand f\u00fcr den Neu-Trainer Kamber - Spielvereinigung 08 eV.<\/title>\n<meta name=\"robots\" content=\"index, follow, max-snippet:-1, max-image-preview:large, max-video-preview:-1\" \/>\n<link rel=\"canonical\" href=\"https:\/\/www.spielvereinigung08.de\/index.php\/2023\/04\/17\/gelungener-einstand-fuer-den-neu-trainer-kamber\/\" \/>\n<meta property=\"og:locale\" content=\"de_DE\" \/>\n<meta property=\"og:type\" content=\"article\" \/>\n<meta property=\"og:title\" content=\"Gelungener Einstand f\u00fcr den Neu-Trainer Kamber - Spielvereinigung 08 eV.\" \/>\n<meta property=\"og:description\" content=\"Unter der F\u00fchrung des neuen Trainers Kamber Koc hat die Spvgg. 08 Bad Nauheim in der Fu\u00dfball-Kreisoberliga Friedberg einen 2:0-Sieg gegen den SV Nieder-W\u00f6llstadt errungen. Die Bad Nauheimer dominierten das [&hellip;]\" \/>\n<meta property=\"og:url\" content=\"https:\/\/www.spielvereinigung08.de\/index.php\/2023\/04\/17\/gelungener-einstand-fuer-den-neu-trainer-kamber\/\" \/>\n<meta property=\"og:site_name\" content=\"Spielvereinigung 08 eV.\" \/>\n<meta property=\"article:published_time\" content=\"2023-04-17T19:51:33+00:00\" \/>\n<meta property=\"article:modified_time\" content=\"2023-04-17T19:51:34+00:00\" \/>\n<meta property=\"og:image\" content=\"https:\/\/www.spielvereinigung08.de\/wp-content\/uploads\/2023\/04\/Spvgg-08-Herren-1-vs.-SV-Nieder-Woellstadt.jpg\" \/>\n\t<meta property=\"og:image:width\" content=\"768\" \/>\n\t<meta property=\"og:image:height\" content=\"407\" \/>\n\t<meta property=\"og:image:type\" content=\"image\/jpeg\" \/>\n<meta name=\"author\" content=\"admin\" \/>\n<meta name=\"twitter:card\" content=\"summary_large_image\" \/>\n<meta name=\"twitter:label1\" content=\"Verfasst von\" \/>\n\t<meta name=\"twitter:data1\" content=\"admin\" \/>\n\t<meta name=\"twitter:label2\" content=\"Gesch\u00e4tzte Lesezeit\" \/>\n\t<meta name=\"twitter:data2\" content=\"1\u00a0Minute\" \/>\n<script type=\"application\/ld+json\" class=\"yoast-schema-graph\">{\"@context\":\"https:\/\/schema.org\",\"@graph\":[{\"@type\":\"Article\",\"@id\":\"https:\/\/www.spielvereinigung08.de\/index.php\/2023\/04\/17\/gelungener-einstand-fuer-den-neu-trainer-kamber\/#article\",\"isPartOf\":{\"@id\":\"https:\/\/www.spielvereinigung08.de\/index.php\/2023\/04\/17\/gelungener-einstand-fuer-den-neu-trainer-kamber\/\"},\"author\":{\"name\":\"admin\",\"@id\":\"https:\/\/www.spielvereinigung08.de\/#\/schema\/person\/0f02c52e2198ad22eddab5610e21a176\"},\"headline\":\"Gelungener Einstand f\u00fcr den Neu-Trainer Kamber\",\"datePublished\":\"2023-04-17T19:51:33+00:00\",\"dateModified\":\"2023-04-17T19:51:34+00:00\",\"mainEntityOfPage\":{\"@id\":\"https:\/\/www.spielvereinigung08.de\/index.php\/2023\/04\/17\/gelungener-einstand-fuer-den-neu-trainer-kamber\/\"},\"wordCount\":108,\"commentCount\":0,\"image\":{\"@id\":\"https:\/\/www.spielvereinigung08.de\/index.php\/2023\/04\/17\/gelungener-einstand-fuer-den-neu-trainer-kamber\/#primaryimage\"},\"thumbnailUrl\":\"https:\/\/www.spielvereinigung08.de\/wp-content\/uploads\/2023\/04\/Spvgg-08-Herren-1-vs.-SV-Nieder-Woellstadt.jpg\",\"articleSection\":{\"1\":\"Bambinis\",\"2\":\"Frauenfussball\",\"3\":\"Herren\",\"4\":\"Jobs\",\"5\":\"Junioriennen\",\"6\":\"M\u00e4dchen\",\"7\":\"Verein\"},\"inLanguage\":\"de\",\"potentialAction\":[{\"@type\":\"CommentAction\",\"name\":\"Comment\",\"target\":[\"https:\/\/www.spielvereinigung08.de\/index.php\/2023\/04\/17\/gelungener-einstand-fuer-den-neu-trainer-kamber\/#respond\"]}]},{\"@type\":\"WebPage\",\"@id\":\"https:\/\/www.spielvereinigung08.de\/index.php\/2023\/04\/17\/gelungener-einstand-fuer-den-neu-trainer-kamber\/\",\"url\":\"https:\/\/www.spielvereinigung08.de\/index.php\/2023\/04\/17\/gelungener-einstand-fuer-den-neu-trainer-kamber\/\",\"name\":\"Gelungener Einstand f\u00fcr den Neu-Trainer Kamber - Spielvereinigung 08 eV.\",\"isPartOf\":{\"@id\":\"https:\/\/www.spielvereinigung08.de\/#website\"},\"primaryImageOfPage\":{\"@id\":\"https:\/\/www.spielvereinigung08.de\/index.php\/2023\/04\/17\/gelungener-einstand-fuer-den-neu-trainer-kamber\/#primaryimage\"},\"image\":{\"@id\":\"https:\/\/www.spielvereinigung08.de\/index.php\/2023\/04\/17\/gelungener-einstand-fuer-den-neu-trainer-kamber\/#primaryimage\"},\"thumbnailUrl\":\"https:\/\/www.spielvereinigung08.de\/wp-content\/uploads\/2023\/04\/Spvgg-08-Herren-1-vs.-SV-Nieder-Woellstadt.jpg\",\"datePublished\":\"2023-04-17T19:51:33+00:00\",\"dateModified\":\"2023-04-17T19:51:34+00:00\",\"author\":{\"@id\":\"https:\/\/www.spielvereinigung08.de\/#\/schema\/person\/0f02c52e2198ad22eddab5610e21a176\"},\"breadcrumb\":{\"@id\":\"https:\/\/www.spielvereinigung08.de\/index.php\/2023\/04\/17\/gelungener-einstand-fuer-den-neu-trainer-kamber\/#breadcrumb\"},\"inLanguage\":\"de\",\"potentialAction\":[{\"@type\":\"ReadAction\",\"target\":[\"https:\/\/www.spielvereinigung08.de\/index.php\/2023\/04\/17\/gelungener-einstand-fuer-den-neu-trainer-kamber\/\"]}]},{\"@type\":\"ImageObject\",\"inLanguage\":\"de\",\"@id\":\"https:\/\/www.spielvereinigung08.de\/index.php\/2023\/04\/17\/gelungener-einstand-fuer-den-neu-trainer-kamber\/#primaryimage\",\"url\":\"https:\/\/www.spielvereinigung08.de\/wp-content\/uploads\/2023\/04\/Spvgg-08-Herren-1-vs.-SV-Nieder-Woellstadt.jpg\",\"contentUrl\":\"https:\/\/www.spielvereinigung08.de\/wp-content\/uploads\/2023\/04\/Spvgg-08-Herren-1-vs.-SV-Nieder-Woellstadt.jpg\",\"width\":768,\"height\":407},{\"@type\":\"BreadcrumbList\",\"@id\":\"https:\/\/www.spielvereinigung08.de\/index.php\/2023\/04\/17\/gelungener-einstand-fuer-den-neu-trainer-kamber\/#breadcrumb\",\"itemListElement\":[{\"@type\":\"ListItem\",\"position\":1,\"name\":\"Startseite\",\"item\":\"https:\/\/www.spielvereinigung08.de\/\"},{\"@type\":\"ListItem\",\"position\":2,\"name\":\"Gelungener Einstand f\u00fcr den Neu-Trainer Kamber\"}]},{\"@type\":\"WebSite\",\"@id\":\"https:\/\/www.spielvereinigung08.de\/#website\",\"url\":\"https:\/\/www.spielvereinigung08.de\/\",\"name\":\"Spielvereinigung 08 eV.\",\"description\":\"Fussball mit Herz und Seele\",\"potentialAction\":[{\"@type\":\"SearchAction\",\"target\":{\"@type\":\"EntryPoint\",\"urlTemplate\":\"https:\/\/www.spielvereinigung08.de\/?s={search_term_string}\"},\"query-input\":{\"@type\":\"PropertyValueSpecification\",\"valueRequired\":true,\"valueName\":\"search_term_string\"}}],\"inLanguage\":\"de\"},{\"@type\":\"Person\",\"@id\":\"https:\/\/www.spielvereinigung08.de\/#\/schema\/person\/0f02c52e2198ad22eddab5610e21a176\",\"name\":\"admin\",\"image\":{\"@type\":\"ImageObject\",\"inLanguage\":\"de\",\"@id\":\"https:\/\/www.spielvereinigung08.de\/#\/schema\/person\/image\/\",\"url\":\"https:\/\/secure.gravatar.com\/avatar\/378e55bbaa8e83156efc0b75a9db74e2a0d14f6bbd8a72ae7eafe2cdeb0783ac?s=96&d=mm&r=g\",\"contentUrl\":\"https:\/\/secure.gravatar.com\/avatar\/378e55bbaa8e83156efc0b75a9db74e2a0d14f6bbd8a72ae7eafe2cdeb0783ac?s=96&d=mm&r=g\",\"caption\":\"admin\"},\"sameAs\":[\"https:\/\/www.spielvereinigung08.de\"],\"url\":\"https:\/\/www.spielvereinigung08.de\/index.php\/author\/elkmo00\/\"}]}<\/script>\n<!-- \/ Yoast SEO plugin. -->","yoast_head_json":{"title":"Gelungener Einstand f\u00fcr den Neu-Trainer Kamber - Spielvereinigung 08 eV.","robots":{"index":"index","follow":"follow","max-snippet":"max-snippet:-1","max-image-preview":"max-image-preview:large","max-video-preview":"max-video-preview:-1"},"canonical":"https:\/\/www.spielvereinigung08.de\/index.php\/2023\/04\/17\/gelungener-einstand-fuer-den-neu-trainer-kamber\/","og_locale":"de_DE","og_type":"article","og_title":"Gelungener Einstand f\u00fcr den Neu-Trainer Kamber - Spielvereinigung 08 eV.","og_description":"Unter der F\u00fchrung des neuen Trainers Kamber Koc hat die Spvgg. 08 Bad Nauheim in der Fu\u00dfball-Kreisoberliga Friedberg einen 2:0-Sieg gegen den SV Nieder-W\u00f6llstadt errungen. Die Bad Nauheimer dominierten das [&hellip;]","og_url":"https:\/\/www.spielvereinigung08.de\/index.php\/2023\/04\/17\/gelungener-einstand-fuer-den-neu-trainer-kamber\/","og_site_name":"Spielvereinigung 08 eV.","article_published_time":"2023-04-17T19:51:33+00:00","article_modified_time":"2023-04-17T19:51:34+00:00","og_image":[{"width":768,"height":407,"url":"https:\/\/www.spielvereinigung08.de\/wp-content\/uploads\/2023\/04\/Spvgg-08-Herren-1-vs.-SV-Nieder-Woellstadt.jpg","type":"image\/jpeg"}],"author":"admin","twitter_card":"summary_large_image","twitter_misc":{"Verfasst von":"admin","Gesch\u00e4tzte Lesezeit":"1\u00a0Minute"},"schema":{"@context":"https:\/\/schema.org","@graph":[{"@type":"Article","@id":"https:\/\/www.spielvereinigung08.de\/index.php\/2023\/04\/17\/gelungener-einstand-fuer-den-neu-trainer-kamber\/#article","isPartOf":{"@id":"https:\/\/www.spielvereinigung08.de\/index.php\/2023\/04\/17\/gelungener-einstand-fuer-den-neu-trainer-kamber\/"},"author":{"name":"admin","@id":"https:\/\/www.spielvereinigung08.de\/#\/schema\/person\/0f02c52e2198ad22eddab5610e21a176"},"headline":"Gelungener Einstand f\u00fcr den Neu-Trainer Kamber","datePublished":"2023-04-17T19:51:33+00:00","dateModified":"2023-04-17T19:51:34+00:00","mainEntityOfPage":{"@id":"https:\/\/www.spielvereinigung08.de\/index.php\/2023\/04\/17\/gelungener-einstand-fuer-den-neu-trainer-kamber\/"},"wordCount":108,"commentCount":0,"image":{"@id":"https:\/\/www.spielvereinigung08.de\/index.php\/2023\/04\/17\/gelungener-einstand-fuer-den-neu-trainer-kamber\/#primaryimage"},"thumbnailUrl":"https:\/\/www.spielvereinigung08.de\/wp-content\/uploads\/2023\/04\/Spvgg-08-Herren-1-vs.-SV-Nieder-Woellstadt.jpg","articleSection":{"1":"Bambinis","2":"Frauenfussball","3":"Herren","4":"Jobs","5":"Junioriennen","6":"M\u00e4dchen","7":"Verein"},"inLanguage":"de","potentialAction":[{"@type":"CommentAction","name":"Comment","target":["https:\/\/www.spielvereinigung08.de\/index.php\/2023\/04\/17\/gelungener-einstand-fuer-den-neu-trainer-kamber\/#respond"]}]},{"@type":"WebPage","@id":"https:\/\/www.spielvereinigung08.de\/index.php\/2023\/04\/17\/gelungener-einstand-fuer-den-neu-trainer-kamber\/","url":"https:\/\/www.spielvereinigung08.de\/index.php\/2023\/04\/17\/gelungener-einstand-fuer-den-neu-trainer-kamber\/","name":"Gelungener Einstand f\u00fcr den Neu-Trainer Kamber - Spielvereinigung 08 eV.","isPartOf":{"@id":"https:\/\/www.spielvereinigung08.de\/#website"},"primaryImageOfPage":{"@id":"https:\/\/www.spielvereinigung08.de\/index.php\/2023\/04\/17\/gelungener-einstand-fuer-den-neu-trainer-kamber\/#primaryimage"},"image":{"@id":"https:\/\/www.spielvereinigung08.de\/index.php\/2023\/04\/17\/gelungener-einstand-fuer-den-neu-trainer-kamber\/#primaryimage"},"thumbnailUrl":"https:\/\/www.spielvereinigung08.de\/wp-content\/uploads\/2023\/04\/Spvgg-08-Herren-1-vs.-SV-Nieder-Woellstadt.jpg","datePublished":"2023-04-17T19:51:33+00:00","dateModified":"2023-04-17T19:51:34+00:00","author":{"@id":"https:\/\/www.spielvereinigung08.de\/#\/schema\/person\/0f02c52e2198ad22eddab5610e21a176"},"breadcrumb":{"@id":"https:\/\/www.spielvereinigung08.de\/index.php\/2023\/04\/17\/gelungener-einstand-fuer-den-neu-trainer-kamber\/#breadcrumb"},"inLanguage":"de","potentialAction":[{"@type":"ReadAction","target":["https:\/\/www.spielvereinigung08.de\/index.php\/2023\/04\/17\/gelungener-einstand-fuer-den-neu-trainer-kamber\/"]}]},{"@type":"ImageObject","inLanguage":"de","@id":"https:\/\/www.spielvereinigung08.de\/index.php\/2023\/04\/17\/gelungener-einstand-fuer-den-neu-trainer-kamber\/#primaryimage","url":"https:\/\/www.spielvereinigung08.de\/wp-content\/uploads\/2023\/04\/Spvgg-08-Herren-1-vs.-SV-Nieder-Woellstadt.jpg","contentUrl":"https:\/\/www.spielvereinigung08.de\/wp-content\/uploads\/2023\/04\/Spvgg-08-Herren-1-vs.-SV-Nieder-Woellstadt.jpg","width":768,"height":407},{"@type":"BreadcrumbList","@id":"https:\/\/www.spielvereinigung08.de\/index.php\/2023\/04\/17\/gelungener-einstand-fuer-den-neu-trainer-kamber\/#breadcrumb","itemListElement":[{"@type":"ListItem","position":1,"name":"Startseite","item":"https:\/\/www.spielvereinigung08.de\/"},{"@type":"ListItem","position":2,"name":"Gelungener Einstand f\u00fcr den Neu-Trainer Kamber"}]},{"@type":"WebSite","@id":"https:\/\/www.spielvereinigung08.de\/#website","url":"https:\/\/www.spielvereinigung08.de\/","name":"Spielvereinigung 08 eV.","description":"Fussball mit Herz und Seele","potentialAction":[{"@type":"SearchAction","target":{"@type":"EntryPoint","urlTemplate":"https:\/\/www.spielvereinigung08.de\/?s={search_term_string}"},"query-input":{"@type":"PropertyValueSpecification","valueRequired":true,"valueName":"search_term_string"}}],"inLanguage":"de"},{"@type":"Person","@id":"https:\/\/www.spielvereinigung08.de\/#\/schema\/person\/0f02c52e2198ad22eddab5610e21a176","name":"admin","image":{"@type":"ImageObject","inLanguage":"de","@id":"https:\/\/www.spielvereinigung08.de\/#\/schema\/person\/image\/","url":"https:\/\/secure.gravatar.com\/avatar\/378e55bbaa8e83156efc0b75a9db74e2a0d14f6bbd8a72ae7eafe2cdeb0783ac?s=96&d=mm&r=g","contentUrl":"https:\/\/secure.gravatar.com\/avatar\/378e55bbaa8e83156efc0b75a9db74e2a0d14f6bbd8a72ae7eafe2cdeb0783ac?s=96&d=mm&r=g","caption":"admin"},"sameAs":["https:\/\/www.spielvereinigung08.de"],"url":"https:\/\/www.spielvereinigung08.de\/index.php\/author\/elkmo00\/"}]}},"_links":{"self":[{"href":"https:\/\/www.spielvereinigung08.de\/index.php\/wp-json\/wp\/v2\/posts\/8863","targetHints":{"allow":["GET"]}}],"collection":[{"href":"https:\/\/www.spielvereinigung08.de\/index.php\/wp-json\/wp\/v2\/posts"}],"about":[{"href":"https:\/\/www.spielvereinigung08.de\/index.php\/wp-json\/wp\/v2\/types\/post"}],"author":[{"embeddable":true,"href":"https:\/\/www.spielvereinigung08.de\/index.php\/wp-json\/wp\/v2\/users\/1"}],"replies":[{"embeddable":true,"href":"https:\/\/www.spielvereinigung08.de\/index.php\/wp-json\/wp\/v2\/comments?post=8863"}],"version-history":[{"count":2,"href":"https:\/\/www.spielvereinigung08.de\/index.php\/wp-json\/wp\/v2\/posts\/8863\/revisions"}],"predecessor-version":[{"id":8866,"href":"https:\/\/www.spielvereinigung08.de\/index.php\/wp-json\/wp\/v2\/posts\/8863\/revisions\/8866"}],"wp:featuredmedia":[{"embeddable":true,"href":"https:\/\/www.spielvereinigung08.de\/index.php\/wp-json\/wp\/v2\/media\/8864"}],"wp:attachment":[{"href":"https:\/\/www.spielvereinigung08.de\/index.php\/wp-json\/wp\/v2\/media?parent=8863"}],"wp:term":[{"taxonomy":"category","embeddable":true,"href":"https:\/\/www.spielvereinigung08.de\/index.php\/wp-json\/wp\/v2\/categories?post=8863"},{"taxonomy":"post_tag","embeddable":true,"href":"https:\/\/www.spielvereinigung08.de\/index.php\/wp-json\/wp\/v2\/tags?post=8863"}],"curies":[{"name":"wp","href":"https:\/\/api.w.org\/{rel}","templated":true}]}}