{"id":8973,"date":"2023-07-01T10:33:06","date_gmt":"2023-07-01T10:33:06","guid":{"rendered":"https:\/\/www.spielvereinigung08.de\/?p=8973"},"modified":"2023-07-07T11:38:43","modified_gmt":"2023-07-07T11:38:43","slug":"young-boys-beim-fc-bundestag","status":"publish","type":"post","link":"https:\/\/www.spielvereinigung08.de\/index.php\/2023\/07\/01\/young-boys-beim-fc-bundestag\/","title":{"rendered":"Young Boys beim FC Bundestag"},"content":{"rendered":"<div id=\"pl-8973\"  class=\"panel-layout\" ><div id=\"pg-8973-0\"  class=\"panel-grid panel-no-style\" ><div id=\"pgc-8973-0-0\"  class=\"panel-grid-cell panel-grid-cell-empty\" ><\/div><\/div><div id=\"pg-8973-1\"  class=\"panel-grid panel-no-style\" ><div id=\"pgc-8973-1-0\"  class=\"panel-grid-cell\" ><div id=\"panel-8973-1-0-0\" class=\"so-panel widget widget_text panel-first-child panel-last-child\" data-index=\"0\" >\t\t\t<div class=\"textwidget\"><p>Der FDP-Bundestagsabgeordnete aus der Wetterau, Peter Heidt, lud seine heimische Fu\u00dfballmannschaft, die Young Boys der Spielvereinigung 08 Bad Nauheim, nach Berlin ein. Neben einem Besuch im Bundestag und einer Erkundung der Bundeshauptstadt stand das Highlight des Besuchs im Fu\u00dfballspiel gegen den FC Bundestag.<\/p>\n<p>Heidt, der sowohl bei den Young Boys als auch beim FC Bundestag als Verteidiger aktiv ist, betonte die verbindende Kraft des Sports und zeigte sich erfreut dar\u00fcber, seine lokale Mannschaft in seiner politischen Zweitheimat willkommen zu hei\u00dfen. Nach einem spannenden Spiel, in dem beide Teams vollen Einsatz zeigten, sicherte sich der FC Bundestag schlie\u00dflich einen gl\u00fccklichen 1:0 Sieg gegen das Team aus Bad Nauheim. Um einen nachhaltigen Eindruck bei den Bundespolitikern zu hinterlassen, brachten die Young Boys einen typisch hessischen Bembel, gef\u00fcllt mit Apfelwein von der Roten Pumpe aus Nieder-M\u00f6rlen, mit. Kapit\u00e4n Stephan Brannek\u00e4mper \u00fcberreichte stolz dieses Gastgeschenk dem Kapit\u00e4n des FC Bundestag und parlamentarischen Staatssekret\u00e4r im Innenministerium Mahmut \u00d6zdemir (siehe Foto).<\/p>\n<p><img fetchpriority=\"high\" decoding=\"async\" fetchpriority=\"high\" class=\"aligncenter size-full wp-image-8974\" src=\"https:\/\/www.spielvereinigung08.de\/wp-content\/uploads\/2023\/07\/S.Brannekaemper.jpg\" alt=\"\" width=\"526\" height=\"820\" srcset=\"https:\/\/www.spielvereinigung08.de\/wp-content\/uploads\/2023\/07\/S.Brannekaemper.jpg 526w, https:\/\/www.spielvereinigung08.de\/wp-content\/uploads\/2023\/07\/S.Brannekaemper-192x300.jpg 192w\" sizes=\"(max-width: 526px) 100vw, 526px\" \/><\/p>\n<p>Peter Heidt, MdB, und Peter Schenker, der Fu\u00dfball-Abteilungsleiter der Spvgg. 08 Bad Nauheim, \u00e4u\u00dferten ihre besondere Ehre, dass ihr Team in Berlin auf den FC Bundestag traf. Sie bedankten sich herzlich bei allen Teilnehmern und insbesondere bei der Sparkasse Oberhessen, die mit ihrer gro\u00dfz\u00fcgigen Spende diese einzigartige Erfahrung erm\u00f6glichte.<\/p>\n<\/div>\n\t\t<\/div><\/div><\/div><div id=\"pg-8973-2\"  class=\"panel-grid panel-no-style\" ><div id=\"pgc-8973-2-0\"  class=\"panel-grid-cell panel-grid-cell-empty\" ><\/div><\/div><\/div>","protected":false},"excerpt":{"rendered":"<p>Der FDP-Bundestagsabgeordnete aus der Wetterau, Peter Heidt, lud seine heimische Fu\u00dfballmannschaft, die Young Boys der Spielvereinigung 08 Bad Nauheim, nach Berlin ein. Neben einem Besuch im Bundestag und einer Erkundung [&hellip;]<\/p>\n","protected":false},"author":1,"featured_media":8975,"comment_status":"open","ping_status":"open","sticky":false,"template":"","format":"standard","meta":{"_monsterinsights_skip_tracking":false,"_monsterinsights_sitenote_active":false,"_monsterinsights_sitenote_note":"","_monsterinsights_sitenote_category":0,"_EventAllDay":false,"_EventTimezone":"","_EventStartDate":"","_EventEndDate":"","_EventStartDateUTC":"","_EventEndDateUTC":"","_EventShowMap":false,"_EventShowMapLink":false,"_EventURL":"","_EventCost":"","_EventCostDescription":"","_EventCurrencySymbol":"","_EventCurrencyCode":"","_EventCurrencyPosition":"","_EventDateTimeSeparator":"","_EventTimeRangeSeparator":"","_EventOrganizerID":[],"_EventVenueID":[],"_OrganizerEmail":"","_OrganizerPhone":"","_OrganizerWebsite":"","_VenueAddress":"","_VenueCity":"","_VenueCountry":"","_VenueProvince":"","_VenueState":"","_VenueZip":"","_VenuePhone":"","_VenueURL":"","_VenueStateProvince":"","_VenueLat":"","_VenueLng":"","_VenueShowMap":false,"_VenueShowMapLink":false,"footnotes":""},"categories":[55,54,52,45,59,49,56,44],"tags":[],"class_list":["post-8973","post","type-post","status-publish","format-standard","has-post-thumbnail","hentry","category-allgemein","category-bambinis","category-frauenfussball","category-herren","category-jobs","category-junioriennen","category-maedchen","category-verein"],"yoast_head":"<!-- This site is optimized with the Yoast SEO plugin v26.7 - https:\/\/yoast.com\/wordpress\/plugins\/seo\/ -->\n<title>Young Boys beim FC Bundestag - Spielvereinigung 08 eV.<\/title>\n<meta name=\"robots\" content=\"index, follow, max-snippet:-1, max-image-preview:large, max-video-preview:-1\" \/>\n<link rel=\"canonical\" href=\"https:\/\/www.spielvereinigung08.de\/index.php\/2023\/07\/01\/young-boys-beim-fc-bundestag\/\" \/>\n<meta property=\"og:locale\" content=\"de_DE\" \/>\n<meta property=\"og:type\" content=\"article\" \/>\n<meta property=\"og:title\" content=\"Young Boys beim FC Bundestag - Spielvereinigung 08 eV.\" \/>\n<meta property=\"og:description\" content=\"Der FDP-Bundestagsabgeordnete aus der Wetterau, Peter Heidt, lud seine heimische Fu\u00dfballmannschaft, die Young Boys der Spielvereinigung 08 Bad Nauheim, nach Berlin ein. Neben einem Besuch im Bundestag und einer Erkundung [&hellip;]\" \/>\n<meta property=\"og:url\" content=\"https:\/\/www.spielvereinigung08.de\/index.php\/2023\/07\/01\/young-boys-beim-fc-bundestag\/\" \/>\n<meta property=\"og:site_name\" content=\"Spielvereinigung 08 eV.\" \/>\n<meta property=\"article:published_time\" content=\"2023-07-01T10:33:06+00:00\" \/>\n<meta property=\"article:modified_time\" content=\"2023-07-07T11:38:43+00:00\" \/>\n<meta property=\"og:image\" content=\"https:\/\/www.spielvereinigung08.de\/wp-content\/uploads\/2023\/07\/Young-Boys-FC-Bundestag.jpg\" \/>\n\t<meta property=\"og:image:width\" content=\"2190\" \/>\n\t<meta property=\"og:image:height\" content=\"829\" \/>\n\t<meta property=\"og:image:type\" content=\"image\/jpeg\" \/>\n<meta name=\"author\" content=\"admin\" \/>\n<meta name=\"twitter:card\" content=\"summary_large_image\" \/>\n<meta name=\"twitter:label1\" content=\"Verfasst von\" \/>\n\t<meta name=\"twitter:data1\" content=\"admin\" \/>\n\t<meta name=\"twitter:label2\" content=\"Gesch\u00e4tzte Lesezeit\" \/>\n\t<meta name=\"twitter:data2\" content=\"2\u00a0Minuten\" \/>\n<script type=\"application\/ld+json\" class=\"yoast-schema-graph\">{\"@context\":\"https:\/\/schema.org\",\"@graph\":[{\"@type\":\"Article\",\"@id\":\"https:\/\/www.spielvereinigung08.de\/index.php\/2023\/07\/01\/young-boys-beim-fc-bundestag\/#article\",\"isPartOf\":{\"@id\":\"https:\/\/www.spielvereinigung08.de\/index.php\/2023\/07\/01\/young-boys-beim-fc-bundestag\/\"},\"author\":{\"name\":\"admin\",\"@id\":\"https:\/\/www.spielvereinigung08.de\/#\/schema\/person\/0f02c52e2198ad22eddab5610e21a176\"},\"headline\":\"Young Boys beim FC Bundestag\",\"datePublished\":\"2023-07-01T10:33:06+00:00\",\"dateModified\":\"2023-07-07T11:38:43+00:00\",\"mainEntityOfPage\":{\"@id\":\"https:\/\/www.spielvereinigung08.de\/index.php\/2023\/07\/01\/young-boys-beim-fc-bundestag\/\"},\"wordCount\":223,\"commentCount\":0,\"image\":{\"@id\":\"https:\/\/www.spielvereinigung08.de\/index.php\/2023\/07\/01\/young-boys-beim-fc-bundestag\/#primaryimage\"},\"thumbnailUrl\":\"https:\/\/www.spielvereinigung08.de\/wp-content\/uploads\/2023\/07\/Young-Boys-FC-Bundestag.jpg\",\"articleSection\":{\"1\":\"Bambinis\",\"2\":\"Frauenfussball\",\"3\":\"Herren\",\"4\":\"Jobs\",\"5\":\"Junioriennen\",\"6\":\"M\u00e4dchen\",\"7\":\"Verein\"},\"inLanguage\":\"de\",\"potentialAction\":[{\"@type\":\"CommentAction\",\"name\":\"Comment\",\"target\":[\"https:\/\/www.spielvereinigung08.de\/index.php\/2023\/07\/01\/young-boys-beim-fc-bundestag\/#respond\"]}]},{\"@type\":\"WebPage\",\"@id\":\"https:\/\/www.spielvereinigung08.de\/index.php\/2023\/07\/01\/young-boys-beim-fc-bundestag\/\",\"url\":\"https:\/\/www.spielvereinigung08.de\/index.php\/2023\/07\/01\/young-boys-beim-fc-bundestag\/\",\"name\":\"Young Boys beim FC Bundestag - Spielvereinigung 08 eV.\",\"isPartOf\":{\"@id\":\"https:\/\/www.spielvereinigung08.de\/#website\"},\"primaryImageOfPage\":{\"@id\":\"https:\/\/www.spielvereinigung08.de\/index.php\/2023\/07\/01\/young-boys-beim-fc-bundestag\/#primaryimage\"},\"image\":{\"@id\":\"https:\/\/www.spielvereinigung08.de\/index.php\/2023\/07\/01\/young-boys-beim-fc-bundestag\/#primaryimage\"},\"thumbnailUrl\":\"https:\/\/www.spielvereinigung08.de\/wp-content\/uploads\/2023\/07\/Young-Boys-FC-Bundestag.jpg\",\"datePublished\":\"2023-07-01T10:33:06+00:00\",\"dateModified\":\"2023-07-07T11:38:43+00:00\",\"author\":{\"@id\":\"https:\/\/www.spielvereinigung08.de\/#\/schema\/person\/0f02c52e2198ad22eddab5610e21a176\"},\"breadcrumb\":{\"@id\":\"https:\/\/www.spielvereinigung08.de\/index.php\/2023\/07\/01\/young-boys-beim-fc-bundestag\/#breadcrumb\"},\"inLanguage\":\"de\",\"potentialAction\":[{\"@type\":\"ReadAction\",\"target\":[\"https:\/\/www.spielvereinigung08.de\/index.php\/2023\/07\/01\/young-boys-beim-fc-bundestag\/\"]}]},{\"@type\":\"ImageObject\",\"inLanguage\":\"de\",\"@id\":\"https:\/\/www.spielvereinigung08.de\/index.php\/2023\/07\/01\/young-boys-beim-fc-bundestag\/#primaryimage\",\"url\":\"https:\/\/www.spielvereinigung08.de\/wp-content\/uploads\/2023\/07\/Young-Boys-FC-Bundestag.jpg\",\"contentUrl\":\"https:\/\/www.spielvereinigung08.de\/wp-content\/uploads\/2023\/07\/Young-Boys-FC-Bundestag.jpg\",\"width\":2190,\"height\":829},{\"@type\":\"BreadcrumbList\",\"@id\":\"https:\/\/www.spielvereinigung08.de\/index.php\/2023\/07\/01\/young-boys-beim-fc-bundestag\/#breadcrumb\",\"itemListElement\":[{\"@type\":\"ListItem\",\"position\":1,\"name\":\"Startseite\",\"item\":\"https:\/\/www.spielvereinigung08.de\/\"},{\"@type\":\"ListItem\",\"position\":2,\"name\":\"Young Boys beim FC Bundestag\"}]},{\"@type\":\"WebSite\",\"@id\":\"https:\/\/www.spielvereinigung08.de\/#website\",\"url\":\"https:\/\/www.spielvereinigung08.de\/\",\"name\":\"Spielvereinigung 08 eV.\",\"description\":\"Fussball mit Herz und Seele\",\"potentialAction\":[{\"@type\":\"SearchAction\",\"target\":{\"@type\":\"EntryPoint\",\"urlTemplate\":\"https:\/\/www.spielvereinigung08.de\/?s={search_term_string}\"},\"query-input\":{\"@type\":\"PropertyValueSpecification\",\"valueRequired\":true,\"valueName\":\"search_term_string\"}}],\"inLanguage\":\"de\"},{\"@type\":\"Person\",\"@id\":\"https:\/\/www.spielvereinigung08.de\/#\/schema\/person\/0f02c52e2198ad22eddab5610e21a176\",\"name\":\"admin\",\"image\":{\"@type\":\"ImageObject\",\"inLanguage\":\"de\",\"@id\":\"https:\/\/www.spielvereinigung08.de\/#\/schema\/person\/image\/\",\"url\":\"https:\/\/secure.gravatar.com\/avatar\/378e55bbaa8e83156efc0b75a9db74e2a0d14f6bbd8a72ae7eafe2cdeb0783ac?s=96&d=mm&r=g\",\"contentUrl\":\"https:\/\/secure.gravatar.com\/avatar\/378e55bbaa8e83156efc0b75a9db74e2a0d14f6bbd8a72ae7eafe2cdeb0783ac?s=96&d=mm&r=g\",\"caption\":\"admin\"},\"sameAs\":[\"https:\/\/www.spielvereinigung08.de\"],\"url\":\"https:\/\/www.spielvereinigung08.de\/index.php\/author\/elkmo00\/\"}]}<\/script>\n<!-- \/ Yoast SEO plugin. -->","yoast_head_json":{"title":"Young Boys beim FC Bundestag - Spielvereinigung 08 eV.","robots":{"index":"index","follow":"follow","max-snippet":"max-snippet:-1","max-image-preview":"max-image-preview:large","max-video-preview":"max-video-preview:-1"},"canonical":"https:\/\/www.spielvereinigung08.de\/index.php\/2023\/07\/01\/young-boys-beim-fc-bundestag\/","og_locale":"de_DE","og_type":"article","og_title":"Young Boys beim FC Bundestag - Spielvereinigung 08 eV.","og_description":"Der FDP-Bundestagsabgeordnete aus der Wetterau, Peter Heidt, lud seine heimische Fu\u00dfballmannschaft, die Young Boys der Spielvereinigung 08 Bad Nauheim, nach Berlin ein. Neben einem Besuch im Bundestag und einer Erkundung [&hellip;]","og_url":"https:\/\/www.spielvereinigung08.de\/index.php\/2023\/07\/01\/young-boys-beim-fc-bundestag\/","og_site_name":"Spielvereinigung 08 eV.","article_published_time":"2023-07-01T10:33:06+00:00","article_modified_time":"2023-07-07T11:38:43+00:00","og_image":[{"width":2190,"height":829,"url":"https:\/\/www.spielvereinigung08.de\/wp-content\/uploads\/2023\/07\/Young-Boys-FC-Bundestag.jpg","type":"image\/jpeg"}],"author":"admin","twitter_card":"summary_large_image","twitter_misc":{"Verfasst von":"admin","Gesch\u00e4tzte Lesezeit":"2\u00a0Minuten"},"schema":{"@context":"https:\/\/schema.org","@graph":[{"@type":"Article","@id":"https:\/\/www.spielvereinigung08.de\/index.php\/2023\/07\/01\/young-boys-beim-fc-bundestag\/#article","isPartOf":{"@id":"https:\/\/www.spielvereinigung08.de\/index.php\/2023\/07\/01\/young-boys-beim-fc-bundestag\/"},"author":{"name":"admin","@id":"https:\/\/www.spielvereinigung08.de\/#\/schema\/person\/0f02c52e2198ad22eddab5610e21a176"},"headline":"Young Boys beim FC Bundestag","datePublished":"2023-07-01T10:33:06+00:00","dateModified":"2023-07-07T11:38:43+00:00","mainEntityOfPage":{"@id":"https:\/\/www.spielvereinigung08.de\/index.php\/2023\/07\/01\/young-boys-beim-fc-bundestag\/"},"wordCount":223,"commentCount":0,"image":{"@id":"https:\/\/www.spielvereinigung08.de\/index.php\/2023\/07\/01\/young-boys-beim-fc-bundestag\/#primaryimage"},"thumbnailUrl":"https:\/\/www.spielvereinigung08.de\/wp-content\/uploads\/2023\/07\/Young-Boys-FC-Bundestag.jpg","articleSection":{"1":"Bambinis","2":"Frauenfussball","3":"Herren","4":"Jobs","5":"Junioriennen","6":"M\u00e4dchen","7":"Verein"},"inLanguage":"de","potentialAction":[{"@type":"CommentAction","name":"Comment","target":["https:\/\/www.spielvereinigung08.de\/index.php\/2023\/07\/01\/young-boys-beim-fc-bundestag\/#respond"]}]},{"@type":"WebPage","@id":"https:\/\/www.spielvereinigung08.de\/index.php\/2023\/07\/01\/young-boys-beim-fc-bundestag\/","url":"https:\/\/www.spielvereinigung08.de\/index.php\/2023\/07\/01\/young-boys-beim-fc-bundestag\/","name":"Young Boys beim FC Bundestag - Spielvereinigung 08 eV.","isPartOf":{"@id":"https:\/\/www.spielvereinigung08.de\/#website"},"primaryImageOfPage":{"@id":"https:\/\/www.spielvereinigung08.de\/index.php\/2023\/07\/01\/young-boys-beim-fc-bundestag\/#primaryimage"},"image":{"@id":"https:\/\/www.spielvereinigung08.de\/index.php\/2023\/07\/01\/young-boys-beim-fc-bundestag\/#primaryimage"},"thumbnailUrl":"https:\/\/www.spielvereinigung08.de\/wp-content\/uploads\/2023\/07\/Young-Boys-FC-Bundestag.jpg","datePublished":"2023-07-01T10:33:06+00:00","dateModified":"2023-07-07T11:38:43+00:00","author":{"@id":"https:\/\/www.spielvereinigung08.de\/#\/schema\/person\/0f02c52e2198ad22eddab5610e21a176"},"breadcrumb":{"@id":"https:\/\/www.spielvereinigung08.de\/index.php\/2023\/07\/01\/young-boys-beim-fc-bundestag\/#breadcrumb"},"inLanguage":"de","potentialAction":[{"@type":"ReadAction","target":["https:\/\/www.spielvereinigung08.de\/index.php\/2023\/07\/01\/young-boys-beim-fc-bundestag\/"]}]},{"@type":"ImageObject","inLanguage":"de","@id":"https:\/\/www.spielvereinigung08.de\/index.php\/2023\/07\/01\/young-boys-beim-fc-bundestag\/#primaryimage","url":"https:\/\/www.spielvereinigung08.de\/wp-content\/uploads\/2023\/07\/Young-Boys-FC-Bundestag.jpg","contentUrl":"https:\/\/www.spielvereinigung08.de\/wp-content\/uploads\/2023\/07\/Young-Boys-FC-Bundestag.jpg","width":2190,"height":829},{"@type":"BreadcrumbList","@id":"https:\/\/www.spielvereinigung08.de\/index.php\/2023\/07\/01\/young-boys-beim-fc-bundestag\/#breadcrumb","itemListElement":[{"@type":"ListItem","position":1,"name":"Startseite","item":"https:\/\/www.spielvereinigung08.de\/"},{"@type":"ListItem","position":2,"name":"Young Boys beim FC Bundestag"}]},{"@type":"WebSite","@id":"https:\/\/www.spielvereinigung08.de\/#website","url":"https:\/\/www.spielvereinigung08.de\/","name":"Spielvereinigung 08 eV.","description":"Fussball mit Herz und Seele","potentialAction":[{"@type":"SearchAction","target":{"@type":"EntryPoint","urlTemplate":"https:\/\/www.spielvereinigung08.de\/?s={search_term_string}"},"query-input":{"@type":"PropertyValueSpecification","valueRequired":true,"valueName":"search_term_string"}}],"inLanguage":"de"},{"@type":"Person","@id":"https:\/\/www.spielvereinigung08.de\/#\/schema\/person\/0f02c52e2198ad22eddab5610e21a176","name":"admin","image":{"@type":"ImageObject","inLanguage":"de","@id":"https:\/\/www.spielvereinigung08.de\/#\/schema\/person\/image\/","url":"https:\/\/secure.gravatar.com\/avatar\/378e55bbaa8e83156efc0b75a9db74e2a0d14f6bbd8a72ae7eafe2cdeb0783ac?s=96&d=mm&r=g","contentUrl":"https:\/\/secure.gravatar.com\/avatar\/378e55bbaa8e83156efc0b75a9db74e2a0d14f6bbd8a72ae7eafe2cdeb0783ac?s=96&d=mm&r=g","caption":"admin"},"sameAs":["https:\/\/www.spielvereinigung08.de"],"url":"https:\/\/www.spielvereinigung08.de\/index.php\/author\/elkmo00\/"}]}},"_links":{"self":[{"href":"https:\/\/www.spielvereinigung08.de\/index.php\/wp-json\/wp\/v2\/posts\/8973","targetHints":{"allow":["GET"]}}],"collection":[{"href":"https:\/\/www.spielvereinigung08.de\/index.php\/wp-json\/wp\/v2\/posts"}],"about":[{"href":"https:\/\/www.spielvereinigung08.de\/index.php\/wp-json\/wp\/v2\/types\/post"}],"author":[{"embeddable":true,"href":"https:\/\/www.spielvereinigung08.de\/index.php\/wp-json\/wp\/v2\/users\/1"}],"replies":[{"embeddable":true,"href":"https:\/\/www.spielvereinigung08.de\/index.php\/wp-json\/wp\/v2\/comments?post=8973"}],"version-history":[{"count":1,"href":"https:\/\/www.spielvereinigung08.de\/index.php\/wp-json\/wp\/v2\/posts\/8973\/revisions"}],"predecessor-version":[{"id":8976,"href":"https:\/\/www.spielvereinigung08.de\/index.php\/wp-json\/wp\/v2\/posts\/8973\/revisions\/8976"}],"wp:featuredmedia":[{"embeddable":true,"href":"https:\/\/www.spielvereinigung08.de\/index.php\/wp-json\/wp\/v2\/media\/8975"}],"wp:attachment":[{"href":"https:\/\/www.spielvereinigung08.de\/index.php\/wp-json\/wp\/v2\/media?parent=8973"}],"wp:term":[{"taxonomy":"category","embeddable":true,"href":"https:\/\/www.spielvereinigung08.de\/index.php\/wp-json\/wp\/v2\/categories?post=8973"},{"taxonomy":"post_tag","embeddable":true,"href":"https:\/\/www.spielvereinigung08.de\/index.php\/wp-json\/wp\/v2\/tags?post=8973"}],"curies":[{"name":"wp","href":"https:\/\/api.w.org\/{rel}","templated":true}]}}